{"id":432,"date":"2023-09-29T22:46:08","date_gmt":"2023-09-30T01:46:08","guid":{"rendered":"https:\/\/paisajepublico.com\/?p=432"},"modified":"2024-07-07T15:06:27","modified_gmt":"2024-07-07T18:06:27","slug":"fresh-2023-reunion-por-los-20-anos-de-circostrada-network","status":"publish","type":"post","link":"https:\/\/paisajepublico.com\/it\/2023\/09\/29\/fresh-2023-reunion-por-los-20-anos-de-circostrada-network\/","title":{"rendered":"FRESH 2023: incontro per il 20\u00b0 anniversario della Rete Circostrada"},"content":{"rendered":"<p>Questa decima edizione dell&#8217;emblematico incontro professionale \u00e8 co-organizzata da Circostrada Network e ARTCENA, in collaborazione con partner chiave situati a Parigi e nella sua regione, come La Coop\u00e9rative de Rue de Cirque (2r2c), Le Plus Petit Cirque du Monde, La Villette, L&#8217;Azimut &#8211; P\u00f4le National Cirque en Ile-de-France -Antony\/Ch\u00e2tenay-Malabry, circusnext, l&#8217;Espace P\u00e9riph\u00e9rique, FAI-AR Formation sup\u00e9rieure d&#8217;art en espace public, IN SITU &#8211; European Platform for Artistic Creation in Public Space, Le Lyc\u00e9e Avant le lyc\u00e9e, Le Monfort th\u00e9\u00e2tre, Le Moulin Fondu, Centre national des arts de la rue et de l&#8217;espace public &#8211; Compagnie Oposito; Festival PRIMO 2023 e Centre national de la danse. Questo imperdibile &#8220;incontro&#8221; riunir\u00e0 attori, artisti, programmatori, giornalisti, produttori, ricercatori e responsabili politici nel campo del circo contemporaneo e delle arti all&#8217;aria aperta per tre giorni di vibranti dibattiti e scambi emozionanti.<\/p>","protected":false},"excerpt":{"rendered":"<p>Questa decima edizione dell&#8217;emblematico incontro professionale \u00e8 co-organizzata da Circostrada Network e ARTCENA, in collaborazione con partner chiave situati a Parigi e nella sua regione, come La Coop\u00e9rative de Rue de Cirque (2r2c), Le Plus Petit Cirque du Monde, La Villette, L&#8217;Azimut &#8211; P\u00f4le National Cirque en Ile-de-France -Antony\/Ch\u00e2tenay-Malabry, circusnext, l&#8217;Espace P\u00e9riph\u00e9rique, FAI-AR Formation sup\u00e9rieure [&hellip;]<\/p>\n","protected":false},"author":4,"featured_media":434,"comment_status":"open","ping_status":"open","sticky":false,"template":"","format":"standard","meta":{"footnotes":""},"categories":[1],"tags":[],"class_list":["post-432","post","type-post","status-publish","format-standard","has-post-thumbnail","hentry","category-uncategorized"],"acf":[],"_links":{"self":[{"href":"https:\/\/paisajepublico.com\/it\/wp-json\/wp\/v2\/posts\/432","targetHints":{"allow":["GET"]}}],"collection":[{"href":"https:\/\/paisajepublico.com\/it\/wp-json\/wp\/v2\/posts"}],"about":[{"href":"https:\/\/paisajepublico.com\/it\/wp-json\/wp\/v2\/types\/post"}],"author":[{"embeddable":true,"href":"https:\/\/paisajepublico.com\/it\/wp-json\/wp\/v2\/users\/4"}],"replies":[{"embeddable":true,"href":"https:\/\/paisajepublico.com\/it\/wp-json\/wp\/v2\/comments?post=432"}],"version-history":[{"count":4,"href":"https:\/\/paisajepublico.com\/it\/wp-json\/wp\/v2\/posts\/432\/revisions"}],"predecessor-version":[{"id":517,"href":"https:\/\/paisajepublico.com\/it\/wp-json\/wp\/v2\/posts\/432\/revisions\/517"}],"wp:featuredmedia":[{"embeddable":true,"href":"https:\/\/paisajepublico.com\/it\/wp-json\/wp\/v2\/media\/434"}],"wp:attachment":[{"href":"https:\/\/paisajepublico.com\/it\/wp-json\/wp\/v2\/media?parent=432"}],"wp:term":[{"taxonomy":"category","embeddable":true,"href":"https:\/\/paisajepublico.com\/it\/wp-json\/wp\/v2\/categories?post=432"},{"taxonomy":"post_tag","embeddable":true,"href":"https:\/\/paisajepublico.com\/it\/wp-json\/wp\/v2\/tags?post=432"}],"curies":[{"name":"wp","href":"https:\/\/api.w.org\/{rel}","templated":true}]}}